{"id":314,"date":"2025-05-05T12:43:25","date_gmt":"2025-05-05T15:43:25","guid":{"rendered":"https:\/\/sobasestrelas.com.br\/?p=314"},"modified":"2025-05-05T14:35:14","modified_gmt":"2025-05-05T17:35:14","slug":"como-eu-vim-parar-aqui","status":"publish","type":"post","link":"https:\/\/sobasestrelas.com.br\/?p=314","title":{"rendered":"Como eu vim parar aqui?"},"content":{"rendered":"\n<p><strong>Depois de dormir sob as estrelas! E foi assim&#8230;<\/strong><\/p>\n\n\n\n<p><strong>Na manh\u00e3 do dia 7 de novembro de 2016 eu coloquei a mochila nas costas com a inten\u00e7\u00e3o de escalar a Cachoeira do Tabuleiro, a terceira maior cachoeira do pa\u00eds, com quase 300 metros de altura.<\/strong><\/p>\n\n\n\n<p><strong>Com pouco mais de 4 anos praticando o esporte, eu estava assustada. N\u00e3o porque me sentisse despreparada, afinal sempre fui dedicada aos treinos. Mas porque aquela parede era majestosa, escal\u00e1-la seria um desafio enorme, tanto f\u00edsico quanto mental. A id\u00e9ia de subir aquela rocha rosada era ao mesmo tempo sedutora e tenebrosa. Eu ia me colocar no limite in\u00fameras vezes. Mas tudo que eu havia feito no \u00faltimo ano era me colocar no limite e j\u00e1 havia pego gosto pela sensa\u00e7\u00e3o de n\u00e3o saber se seria capaz, e pelo sabor de descobrir que era capaz de muito mais coisas do que imaginava.<\/strong><\/p>\n\n\n\n<p><strong>Joguei a mochila nas costas.<\/strong><\/p>\n\n\n\n<p><strong>Apesar da quantidade de equipamentos, estava leve. Quer dizer, n\u00e3o estava. Tinha o mesmo peso da mochila que passei anos carregando, com uma diferen\u00e7a: EU estava leve! N\u00e3o carregava as press\u00f5es e medos que me acompanharam nos anos anteriores. E isso faria toda a diferen\u00e7a. Um \u201creset\u201d mental faz milagres, te faz at\u00e9 subir 300 metros de parede!<\/strong><\/p>\n\n\n\n<p><strong>Ao lado de Lucas (tamb\u00e9m conhecido como \u201cJah\u201d), parti rumo a uma das maiores aventuras da minha vida.<\/strong><\/p>\n\n\n\n<p><strong>Outra coisa que eu havia descoberto recentemente era a import\u00e2ncia de estar em boa companhia. E eu estava em boa companhia! O Lucas \u00e9 o tipo de pessoa que voc\u00ea quer ao lado numa situa\u00e7\u00e3o dessa.: tranquilo, e tem total dom\u00ednio sobre o que faz. Nada ali seria f\u00e1cil, no entanto me surpreendi com a confian\u00e7a que adquiri na hora que nos preparamos para subir e o Lucas, sorrindo, disse: \u201cBoa escalada!\u201d.<\/strong><\/p>\n\n\n\n<p><strong>Dali em diante foi puro desfrute!<\/strong><\/p>\n\n\n\n<p><strong>No meio da tarde alcan\u00e7amos o plat\u00f4 onde passar\u00edamos a noite.<\/strong><\/p>\n\n\n\n<p><strong>Passamos caf\u00e9, cozinhamos, o Lucas tocou cavaquinho, ligamos m\u00fasica no celular&#8230;<\/strong><strong><br><\/strong><strong>A noite caiu. Nos enfiamos nos sacos de dormir.<\/strong><strong><br><\/strong><strong>Estava cercada por p\u00e1ssaros, a cachoeira, o despenhadeiro e o indescrit\u00edvel sil\u00eancio.<\/strong><strong><br><\/strong><strong>De repente, por tr\u00e1s das paredes de pedra surgiu uma lua enorme. As pedras ficaram prateadas. No escuro da noite, o vale brilhou. \u00c0 beira do precip\u00edcio, um paradoxo: minha vida nunca foi t\u00e3o grande e t\u00e3o pequena.<\/strong><strong><br><\/strong><strong><\/strong><\/p>\n\n\n\n<figure class=\"wp-block-image size-large\"><img fetchpriority=\"high\" decoding=\"async\" width=\"1024\" height=\"765\" src=\"https:\/\/sobasestrelas.com.br\/wp-content\/uploads\/2025\/05\/IMG_1805-1-1024x765.jpg\" alt=\"\" class=\"wp-image-350\" srcset=\"https:\/\/sobasestrelas.com.br\/wp-content\/uploads\/2025\/05\/IMG_1805-1-1024x765.jpg 1024w, https:\/\/sobasestrelas.com.br\/wp-content\/uploads\/2025\/05\/IMG_1805-1-300x224.jpg 300w, https:\/\/sobasestrelas.com.br\/wp-content\/uploads\/2025\/05\/IMG_1805-1-768x574.jpg 768w, https:\/\/sobasestrelas.com.br\/wp-content\/uploads\/2025\/05\/IMG_1805-1-1536x1147.jpg 1536w, https:\/\/sobasestrelas.com.br\/wp-content\/uploads\/2025\/05\/IMG_1805-1-2048x1530.jpg 2048w\" sizes=\"(max-width: 1024px) 100vw, 1024px\" \/><\/figure>\n\n\n\n<p><strong>Acordar naquele lugar foi outra sensa\u00e7\u00e3o \u00fanica. Algo que s\u00f3 aqueles monges que moram isolados no alto das montanhas saberiam explicar. A verdadeira paz de esp\u00edrito.<\/strong><\/p>\n\n\n\n<p><strong>Ap\u00f3s um caf\u00e9 preto e tapioca partimos rumo ao cume. A escalada do segundo dia era a mais desafiadora, com trechos que exigiam habilidade t\u00e9cnica, concentra\u00e7\u00e3o e muita autoconfian\u00e7a.<\/strong><strong><br><\/strong><strong>Abaixo o (agora pequeno) po\u00e7o negro, acima, paredes desafiadoras &#8230; e o cume! Era l\u00e1 que eu queria chegar. E cheguei. \u00c0s duas horas da tarde do dia 8 fizemos cume no Tabuleiro. S\u00f3 de lembrar tenho vontade de chorar. Foi emocionante.<\/strong><strong><br><\/strong><strong>Ap\u00f3s um mergulho no po\u00e7o iniciamos o rapel de descida.<\/strong><strong><br><\/strong><strong>Foi quando olhei para baixo e vi, nos respingos da cachoeira o arco \u00edris que se formava. Era comum arco \u00edris ali na cachoeira, eu j\u00e1 havia visto outras vezes. Mas nunca daquele jeito. Eu estava acima do arco \u00edris!<\/strong><strong><em>N\u00f3s estamos exatamente aonde nos colocamos.<\/em><\/strong><strong><br><\/strong><strong><em>Um dia voc\u00ea pode estar no ch\u00e3o e no outro no cume. Mas ningu\u00e9m pode te colocar em um lugar ou em outro, apenas, voc\u00ea.<\/em><\/strong><strong><br><\/strong><strong><em>Hoje eu escolho estar al\u00e9m do arco \u00edris!<\/em><\/strong><\/p>\n","protected":false},"excerpt":{"rendered":"<p>Depois de dormir sob as estrelas! E foi assim&#8230; Na manh\u00e3 do dia 7 de novembro de 2016<\/p>\n","protected":false},"author":1,"featured_media":0,"comment_status":"open","ping_status":"open","sticky":false,"template":"","format":"standard","meta":{"footnotes":""},"categories":[11],"tags":[],"class_list":["post-314","post","type-post","status-publish","format-standard","hentry","category-cronicas"],"_links":{"self":[{"href":"https:\/\/sobasestrelas.com.br\/index.php?rest_route=\/wp\/v2\/posts\/314","targetHints":{"allow":["GET"]}}],"collection":[{"href":"https:\/\/sobasestrelas.com.br\/index.php?rest_route=\/wp\/v2\/posts"}],"about":[{"href":"https:\/\/sobasestrelas.com.br\/index.php?rest_route=\/wp\/v2\/types\/post"}],"author":[{"embeddable":true,"href":"https:\/\/sobasestrelas.com.br\/index.php?rest_route=\/wp\/v2\/users\/1"}],"replies":[{"embeddable":true,"href":"https:\/\/sobasestrelas.com.br\/index.php?rest_route=%2Fwp%2Fv2%2Fcomments&post=314"}],"version-history":[{"count":2,"href":"https:\/\/sobasestrelas.com.br\/index.php?rest_route=\/wp\/v2\/posts\/314\/revisions"}],"predecessor-version":[{"id":351,"href":"https:\/\/sobasestrelas.com.br\/index.php?rest_route=\/wp\/v2\/posts\/314\/revisions\/351"}],"wp:attachment":[{"href":"https:\/\/sobasestrelas.com.br\/index.php?rest_route=%2Fwp%2Fv2%2Fmedia&parent=314"}],"wp:term":[{"taxonomy":"category","embeddable":true,"href":"https:\/\/sobasestrelas.com.br\/index.php?rest_route=%2Fwp%2Fv2%2Fcategories&post=314"},{"taxonomy":"post_tag","embeddable":true,"href":"https:\/\/sobasestrelas.com.br\/index.php?rest_route=%2Fwp%2Fv2%2Ftags&post=314"}],"curies":[{"name":"wp","href":"https:\/\/api.w.org\/{rel}","templated":true}]}}