{"id":329,"date":"2025-05-05T14:21:34","date_gmt":"2025-05-05T17:21:34","guid":{"rendered":"https:\/\/sobasestrelas.com.br\/?p=329"},"modified":"2025-05-05T14:21:35","modified_gmt":"2025-05-05T17:21:35","slug":"voce-nao-pode","status":"publish","type":"post","link":"https:\/\/sobasestrelas.com.br\/?p=329","title":{"rendered":"Voc\u00ea n\u00e3o pode"},"content":{"rendered":"\n<p><\/p>\n\n\n\n<p><strong>Uma reflex\u00e3o sobre os \u201cn\u00e3os\u201d que o mundo diz&#8230;<\/strong><\/p>\n\n\n\n<p><strong>Eu estava na carreira de fotografia h\u00e1 7 anos quando escolhi partir pra fotografia de cinema. Decidi participar de um workshop para conhecer o meio.<\/strong><strong><br><\/strong><strong>Antes de iniciar a aula, um aluno me explicou que a fotografia de cinema estava subdividida em dois setores, c\u00e2mera e el\u00e9trica. O setor de c\u00e2mera, segundo ele, era uma grande panela onde s\u00f3 entravam os estudantes de cinema. J\u00e1 o de el\u00e9trica, era necess\u00e1rio muita for\u00e7a f\u00edsica, trabalho de pe\u00e3o mesmo, equipe 100% masculina.<\/strong><strong><br><\/strong><strong>\u2013 N\u00e3o existe nenhuma mulher trabalhando na el\u00e9trica?<\/strong><strong><br><\/strong><strong>\u2013 No Brasil n\u00e3o.<\/strong><strong><br><\/strong><strong>\u2013 Perfeito! Vou me destacar. Vai ser f\u00e1cil ganhar visibilidade e crescer r\u00e1pido!<\/strong><strong><br><\/strong><strong>Ele ficou me olhando incr\u00e9dulo, com cara de \u201cque parte do voc\u00ea n\u00e3o tem a menor chance essa louca n\u00e3o entendeu!\u201d.<\/strong><strong><br><\/strong><strong>Se eu consegui?<\/strong><strong><br><\/strong><strong>Bom, o jornal O Estado de S\u00e3o Paulo est\u00e1 a\u00ed dizendo que sim.<\/strong><strong><br><\/strong><strong>Sim, n\u00f3s podemos tudo que quisermos! Mesmo que o mundo diga que n\u00e3o, e muitas vezes ele dir\u00e1.<\/strong><\/p>\n\n\n\n<p><strong>A reportagem \u00e9 sobre um longa metragem no qual eu fiz parte da equipe t\u00e9cnica. Foi rodado quase inteiramente dentro das favelas do Rio de Janeiro, o que leva a uma outra lembran\u00e7a&#8230;<\/strong><strong><br><\/strong><strong>Conheci um ator num trabalho e sempre que nos encontr\u00e1vamos ele tentava se aproximar, at\u00e9 que um dia ele me conquistou. Decidi passar a noite com ele.<\/strong><strong><br><\/strong><strong>Tive que ignorar mais alguns \u201cVoc\u00ea n\u00e3o pode fazer isso!\u201d<\/strong><strong><br><\/strong><strong>Eu, mulher, eletricista.<\/strong><strong><br><\/strong><strong>Ele, negro, morador da favela, ator de cinema e TV.<\/strong><strong><br><\/strong><strong>Duas pessoas que n\u00e3o escutaram quando a sociedade disse: \u201cVoc\u00ea n\u00e3o pode.\u201d<\/strong><strong><br><\/strong><strong>Sim, n\u00f3s podemos sonhar juntos e depois acordar juntos, olhar para o mar sem fim no maior estilo Titanic acreditando sermos os reis do mundo, (apesar de n\u00e3o estarmos num navio e sim no morro do Vidigal).<\/strong><strong><br><\/strong><strong>Mas assim como o personagem do Leonardo de Caprio, n\u00f3s t\u00ednhamos ingressado na \u201cprimeira classe\u201d.<\/strong><\/p>\n\n\n\n<p><strong>Ent\u00e3o quando vejo que as pessoas que n\u00e3o sabem o que \u00e9 discrimina\u00e7\u00e3o e acusam quem a sofre de se fazer de v\u00edtima, como se n\u00e3o fizessem nada para merecer o que os outros recebem sem esfor\u00e7o, me lembro de quando tentei tirar DRT para trabalhar na el\u00e9trica de cinema. A pessoa respons\u00e1vel me deu uma lista do que eu precisava apresentar para provar que era apta para o trabalho. Tamb\u00e9m lembro do sorriso dele e algo que resmungou como \u201cdesista, isso n\u00e3o \u00e9 trabalho de mulher\u201d.<\/strong><strong><br><\/strong><strong>Dois meses depois voltei com todas as provas exigidas. O homem me olhou e sorriu novamente, mas o sorriso era diferente, sem gra\u00e7a. Ent\u00e3o disse:<\/strong><strong><br><\/strong><strong>\u2013 Terei o enorme prazer em assinar o DRT da primeira mulher eletricista de cinema do Brasil.<\/strong><\/p>\n\n\n\n<p><strong>Eu n\u00e3o me fa\u00e7o de v\u00edtima, n\u00e3o fico parada reclamando. Eu ajo. Eu sinto na pele.<\/strong><strong><br><\/strong><strong>E fa\u00e7o a minha parte para trazer a mudan\u00e7a no mundo. Por mim e todos aqueles que de alguma forma sofrem. N\u00e3o julgo, levo junto. Minha voz tem todos os tons, mesmo que desafinados.<\/strong><\/p>\n","protected":false},"excerpt":{"rendered":"<p>Uma reflex\u00e3o sobre os \u201cn\u00e3os\u201d que o mundo diz&#8230; Eu estava na carreira de fotografia h\u00e1 7 anos<\/p>\n","protected":false},"author":1,"featured_media":0,"comment_status":"open","ping_status":"open","sticky":false,"template":"","format":"standard","meta":{"footnotes":""},"categories":[11],"tags":[],"class_list":["post-329","post","type-post","status-publish","format-standard","hentry","category-cronicas"],"_links":{"self":[{"href":"https:\/\/sobasestrelas.com.br\/index.php?rest_route=\/wp\/v2\/posts\/329","targetHints":{"allow":["GET"]}}],"collection":[{"href":"https:\/\/sobasestrelas.com.br\/index.php?rest_route=\/wp\/v2\/posts"}],"about":[{"href":"https:\/\/sobasestrelas.com.br\/index.php?rest_route=\/wp\/v2\/types\/post"}],"author":[{"embeddable":true,"href":"https:\/\/sobasestrelas.com.br\/index.php?rest_route=\/wp\/v2\/users\/1"}],"replies":[{"embeddable":true,"href":"https:\/\/sobasestrelas.com.br\/index.php?rest_route=%2Fwp%2Fv2%2Fcomments&post=329"}],"version-history":[{"count":1,"href":"https:\/\/sobasestrelas.com.br\/index.php?rest_route=\/wp\/v2\/posts\/329\/revisions"}],"predecessor-version":[{"id":330,"href":"https:\/\/sobasestrelas.com.br\/index.php?rest_route=\/wp\/v2\/posts\/329\/revisions\/330"}],"wp:attachment":[{"href":"https:\/\/sobasestrelas.com.br\/index.php?rest_route=%2Fwp%2Fv2%2Fmedia&parent=329"}],"wp:term":[{"taxonomy":"category","embeddable":true,"href":"https:\/\/sobasestrelas.com.br\/index.php?rest_route=%2Fwp%2Fv2%2Fcategories&post=329"},{"taxonomy":"post_tag","embeddable":true,"href":"https:\/\/sobasestrelas.com.br\/index.php?rest_route=%2Fwp%2Fv2%2Ftags&post=329"}],"curies":[{"name":"wp","href":"https:\/\/api.w.org\/{rel}","templated":true}]}}