{"id":337,"date":"2025-05-05T14:26:19","date_gmt":"2025-05-05T17:26:19","guid":{"rendered":"https:\/\/sobasestrelas.com.br\/?p=337"},"modified":"2025-05-05T14:26:20","modified_gmt":"2025-05-05T17:26:20","slug":"cuidado-com-o-que-voce-pede-pro-universo","status":"publish","type":"post","link":"https:\/\/sobasestrelas.com.br\/?p=337","title":{"rendered":"Cuidado com o que voc\u00ea pede pro universo"},"content":{"rendered":"\n<p><strong>Uma frase que uso com frequ\u00eancia \u00e9: \u201cCuidado com o que voc\u00ea pede pro universo, porque ele atende.\u201d<\/strong><strong><br><\/strong><strong>Faz muitos anos que eu trabalho com fotografia de eventos, principalmente casamentos. Essa n\u00e3o era a \u00e1rea que eu pretendia atuar quando iniciei minha carreira, vinte anos atr\u00e1s. Eu tinha o sonho de ser fot\u00f3grafa de revistas como a National Geografic, ou revistas de surf. <\/strong><strong><br><\/strong><strong>Mas logo descobri que financeiramente n\u00e3o compensava e que dificilmente atenderia a minha expectativa de ter uma profiss\u00e3o que me possibilitasse&nbsp; conhecer o mundo.<\/strong><strong><br><\/strong><strong>Comecei fotografando publicidade, mas j\u00e1 faz dez anos que eu fotografo casamentos, algo que me d\u00e1 um bom retorno financeiro, al\u00e9m de me permitir viajar mais que qualquer emprego fixo permitiria, pois tenho muito tempo livre.<\/strong><strong><br><\/strong><strong>Mas a realidade \u00e9 que eu simplesmente cansei de fotografar conto de fadas. Eu acredito que duas pessoas podem passar uma vida inteira juntas, meus pais s\u00e3o exemplo de uma bela hist\u00f3ria de amor. Mas n\u00e3o acredito que o ato de assinar um contrato e jurar amor eterno signifique algo.<\/strong><strong><br><\/strong><strong>Eu queria fotografar vida real, contar hist\u00f3rias que fazem o sangue pulsar!<\/strong><strong><br><\/strong><strong>Pedi demiss\u00e3o, sem ter absolutamente nem um outro tipo de trabalho em vista.<\/strong><strong><br><\/strong><strong>Imediatamente o universo respondeu. Fui convidada para palestrar e tive a oportunidade de conhecer mulheres maravilhosas que tamb\u00e9m palestraram no evento. Uma delas foi a Mel.<\/strong><strong><br><\/strong><strong>A Mellina \u00e9 deficiente visual. Ela foi perdendo a vis\u00e3o aos poucos e hoje tem 3% da vis\u00e3o. Isso significa que quando tem luz, ela n\u00e3o enxerga nada.<\/strong><strong><br><\/strong><strong>Mas isso n\u00e3o impediu a Mel de continuar vivendo sua vida normalmente. Ela, claro, passou por um per\u00edodo duro de aceita\u00e7\u00e3o, at\u00e9 que decidiu que n\u00e3o dependeria dos outros para viver, (poderia viver apenas com a ajuda da Hilary, sua c\u00e3o-guia). E assim seguiu vivendo, viajando pelo mundo sozinha, frequentando teatros, cinemas e usando transporte p\u00fablico\u2026 sozinha.<\/strong><strong><br><\/strong><strong>Vi no instagram dela que estava fazendo aula de poledance e fiz a proposta de fotografa-la no alto do meu pr\u00e9dio. Expliquei que n\u00e3o tinha grade e que a coluna para ela se pendurar estava a um metro da beira do abismo. Ela aceitou de imediato.<\/strong><strong><br><\/strong><strong>A defici\u00eancia lhe d\u00e1 uma vantagem: ela n\u00e3o passaria pela vertigem de olhar para baixo e ver o tamanho da queda.<\/strong><strong><br><\/strong><strong>Ent\u00e3o a noite caiu&#8230; Ela falou: &#8220;Consigo enxergar um pouco. Como \u00e9 linda a vista aqui do alto, posso ver as luzes da cidade.\u201d<\/strong><strong><br><\/strong><strong>Fiquei emocionada de saber que os 3% de vis\u00e3o lhe proporcionavam apreciar a cidade do alto do pr\u00e9dio.<\/strong><strong><br><\/strong><strong>Dias depois eu filmei o p\u00f4r do sol da minha varanda e publiquei nos stories do instagram. A Mel respondeu: \u201cEst\u00e3o todos falando do p\u00f4r do sol hoje!\u201d<\/strong><strong><br><\/strong><strong>Ent\u00e3o percebi que meu filme nada dizia para ela sobre a maravilha que estava acontecendo e respondi:<\/strong><strong><br><\/strong><strong>\u201cEstava vermelho com o resto do c\u00e9u azul rosado, n\u00e3o era o amarelo alaranjado de sempre.<\/strong><strong><br><\/strong><strong>O sol se p\u00f4s atr\u00e1s do meu pr\u00e9dio. Todos os pr\u00e9dios da frente ficaram iluminados por uma luz cor de rosa. Acima deles o c\u00e9u azul, j\u00e1 um pouco escuro, s\u00f3 que rosado. Do outro lado, onde o sol se punha, uma c\u00e9u avermelhado. Tudo isso somado \u00e0s luzes da cidade acesa.\u201d<\/strong><strong><br><\/strong><strong>E ela me respondeu com cora\u00e7\u00f5ezinhos\u2026<\/strong><\/p>\n\n\n\n<p><strong>Obrigada Mel por me dar \u201cvida real\u201d. Obrigada por me dar a oportunidade de descrever as belezas do mundo.<\/strong><strong><br><\/strong><strong>Obrigada universo por atender o meu pedido.<\/strong><strong><br><\/strong><strong>N\u00e3o sei descrever em palavras como estou feliz por seguir o caminho que meu cora\u00e7\u00e3o pede, s\u00f3 o que posso dizer \u00e9 que parte disso escorre agora pelos meus olhos.<\/strong><\/p>\n\n\n\n<p><strong>E a Mel \u00e9 a ESTRELA #02 da revista Sob as Estrelas.<\/strong><strong><br><\/strong><strong>Na coluna Estrelas, fotos da Mel e o texto Mel por ela mesma. Conhe\u00e7a um pouco da hist\u00f3ria dessa linda mulher.<\/strong><\/p>\n\n\n\n<p><strong>A partir de agora tentarei tornar minhas redes mais acess\u00edveis.<\/strong><\/p>\n\n\n\n<p><strong>#pracegover: na foto a Mel dan\u00e7a poledance na beira da laje do pr\u00e9dio de 12 andares, segurando a barra com a m\u00e3o esquerda e a perna esquerda enroscada na barra, um metro da beira, sem nenhuma cerca. A foto \u00e9 preto e branco, a volta dela tem as antenas do pr\u00e9dio e ao fundo a cidade iluminada pelas luzes noturnas.<\/strong><\/p>\n","protected":false},"excerpt":{"rendered":"<p>Uma frase que uso com frequ\u00eancia \u00e9: \u201cCuidado com o que voc\u00ea pede pro universo, porque ele atende.\u201dFaz<\/p>\n","protected":false},"author":1,"featured_media":0,"comment_status":"open","ping_status":"open","sticky":false,"template":"","format":"standard","meta":{"footnotes":""},"categories":[11],"tags":[],"class_list":["post-337","post","type-post","status-publish","format-standard","hentry","category-cronicas"],"_links":{"self":[{"href":"https:\/\/sobasestrelas.com.br\/index.php?rest_route=\/wp\/v2\/posts\/337","targetHints":{"allow":["GET"]}}],"collection":[{"href":"https:\/\/sobasestrelas.com.br\/index.php?rest_route=\/wp\/v2\/posts"}],"about":[{"href":"https:\/\/sobasestrelas.com.br\/index.php?rest_route=\/wp\/v2\/types\/post"}],"author":[{"embeddable":true,"href":"https:\/\/sobasestrelas.com.br\/index.php?rest_route=\/wp\/v2\/users\/1"}],"replies":[{"embeddable":true,"href":"https:\/\/sobasestrelas.com.br\/index.php?rest_route=%2Fwp%2Fv2%2Fcomments&post=337"}],"version-history":[{"count":1,"href":"https:\/\/sobasestrelas.com.br\/index.php?rest_route=\/wp\/v2\/posts\/337\/revisions"}],"predecessor-version":[{"id":338,"href":"https:\/\/sobasestrelas.com.br\/index.php?rest_route=\/wp\/v2\/posts\/337\/revisions\/338"}],"wp:attachment":[{"href":"https:\/\/sobasestrelas.com.br\/index.php?rest_route=%2Fwp%2Fv2%2Fmedia&parent=337"}],"wp:term":[{"taxonomy":"category","embeddable":true,"href":"https:\/\/sobasestrelas.com.br\/index.php?rest_route=%2Fwp%2Fv2%2Fcategories&post=337"},{"taxonomy":"post_tag","embeddable":true,"href":"https:\/\/sobasestrelas.com.br\/index.php?rest_route=%2Fwp%2Fv2%2Ftags&post=337"}],"curies":[{"name":"wp","href":"https:\/\/api.w.org\/{rel}","templated":true}]}}